{"id":310,"date":"2024-09-25T13:57:30","date_gmt":"2024-09-25T13:57:30","guid":{"rendered":"https:\/\/luontokartoituskorpisuo.fi\/fi\/?p=310"},"modified":"2024-09-25T14:00:05","modified_gmt":"2024-09-25T14:00:05","slug":"paivaperhosia-sudenkorentoja-lepakoita-kasveja","status":"publish","type":"post","link":"https:\/\/luontokartoituskorpisuo.fi\/fi\/2024\/09\/25\/paivaperhosia-sudenkorentoja-lepakoita-kasveja\/","title":{"rendered":"P\u00e4iv\u00e4perhosia, sudenkorentoja, lepakoita, kasveja"},"content":{"rendered":"\n<p>Huomasin, ett\u00e4 edellisest\u00e4 kirjoituksesta on jo aikaa.  Kerron nyt, mit\u00e4 on tapahtunut kes\u00e4kuun puoliv\u00e4liss\u00e4 olleen BioBlitzin j\u00e4lkeen. <\/p>\n\n\n\n<p>BioBlitz oli todella mukava tapahtuma, joskin p\u00e4iv\u00e4 oli pitk\u00e4 ja sill\u00e4 tavoin rankka. Kartoitimme eri eli\u00f6lajeja Skanssilla aamusta iltaan sin\u00e4 lauantaina. Sunnuntaina k\u00e4vin omalla retkell\u00e4 Kuusistossa ja lep\u00e4sin, sill\u00e4 maanantaina koulu alkoi kello nelj\u00e4 aamulla. K\u00e4vimme tekem\u00e4ss\u00e4 pesim\u00e4linnuston kartoitusta Kurjenrahkassa. Tietysti olimme takaisin koululla jo hyviss\u00e4 ajoin ja ehdin sy\u00f6m\u00e4\u00e4n, suihkuun ja hetkeksi lep\u00e4\u00e4m\u00e4\u00e4nkin ennen kuin puolenp\u00e4iv\u00e4n j\u00e4lkeen jatkoimme p\u00e4iv\u00e4perhosten opiskelulla. P\u00e4iv\u00e4perhosten opiskelu jatkui seuraavankin p\u00e4iv\u00e4n. Keskiviikon ja torstain sitten opiskelimmekin sudenkorentoja. <\/p>\n\n\n\n<figure class=\"wp-block-image size-large\"><img loading=\"lazy\" decoding=\"async\" width=\"1024\" height=\"683\" src=\"https:\/\/luontokartoituskorpisuo.fi\/fi\/wp-content\/uploads\/2024\/09\/20240617_081653-1024x683.jpg\" alt=\"\" class=\"wp-image-317\" srcset=\"https:\/\/luontokartoituskorpisuo.fi\/fi\/wp-content\/uploads\/2024\/09\/20240617_081653-1024x683.jpg 1024w, https:\/\/luontokartoituskorpisuo.fi\/fi\/wp-content\/uploads\/2024\/09\/20240617_081653-300x200.jpg 300w, https:\/\/luontokartoituskorpisuo.fi\/fi\/wp-content\/uploads\/2024\/09\/20240617_081653-768x512.jpg 768w, https:\/\/luontokartoituskorpisuo.fi\/fi\/wp-content\/uploads\/2024\/09\/20240617_081653-1536x1024.jpg 1536w, https:\/\/luontokartoituskorpisuo.fi\/fi\/wp-content\/uploads\/2024\/09\/20240617_081653.jpg 1960w\" sizes=\"auto, (max-width: 1024px) 100vw, 1024px\" \/><\/figure>\n\n\n\n<p>Kolmen et\u00e4viikon j\u00e4lkeen palasimme taas koulunpenkille. Oikeastaan koulunpenkille palaaminen ei kuvasta opintojani, sill\u00e4 olemme todella v\u00e4h\u00e4n luokkaopetuksessa ja paljon maastossa. Asiat opitaan parhaiten siell\u00e4 miss\u00e4 ne ovat eli metsiss\u00e4, soilla, niityill\u00e4 ja niin edelleen.<\/p>\n\n\n\n<p>Jos edellinen jakso oli alkanut maanantaiaamuna kello nelj\u00e4, niin t\u00e4ll\u00e4 kertaa aloitimme maanantai-iltana kello 18 luokkaopetuksessa opiskellen lepakoita ja niiden kartoitukseen liittyvi\u00e4 asioita. Auringon laskiessa ajoimme sinne, miss\u00e4 voisimme n\u00e4hd\u00e4 nahkahiiri\u00e4 (lepakko on viroksi nahkhiir). P\u00e4\u00e4simme seuraamaan lepakoiden liikkeelle l\u00e4ht\u00f6\u00e4 ja kuuntelemaan niiden \u00e4\u00e4ni\u00e4 heterodynedetektorin v\u00e4lityksell\u00e4.<\/p>\n\n\n\n<p>Tiistain opiskelimme sudenkorentoja, keskiviikon p\u00e4iv\u00e4perhosia ja torstaiaamuna kello nelj\u00e4 l\u00e4ksimme Yyteriin vesilintuja katsomaan. Unet j\u00e4iv\u00e4t v\u00e4hiin, sill\u00e4 maanantain ja tiistain v\u00e4lisen\u00e4 y\u00f6n\u00e4 ei ehtinyt nukkua tarpeeksi, eik\u00e4 my\u00f6sk\u00e4\u00e4n keskiviikon ja torstain v\u00e4lisen\u00e4 y\u00f6n\u00e4. Toisaalta tehty\u00e4ni pitk\u00e4\u00e4n kolmivuoroty\u00f6t\u00e4 olen tottunut rytmin vaihtoihin ja v\u00e4hiin uniin ja luontokartoittajan kiireisin ty\u00f6kausikaan ei aina taida sallia pitki\u00e4 y\u00f6unia &#8211; toki se riippuu mit\u00e4 kartoittaa.<\/p>\n\n\n\n<figure class=\"wp-block-image size-large\"><img loading=\"lazy\" decoding=\"async\" width=\"1024\" height=\"683\" src=\"https:\/\/luontokartoituskorpisuo.fi\/fi\/wp-content\/uploads\/2024\/09\/20240619_131541-1024x683.jpg\" alt=\"\" class=\"wp-image-318\" srcset=\"https:\/\/luontokartoituskorpisuo.fi\/fi\/wp-content\/uploads\/2024\/09\/20240619_131541-1024x683.jpg 1024w, https:\/\/luontokartoituskorpisuo.fi\/fi\/wp-content\/uploads\/2024\/09\/20240619_131541-300x200.jpg 300w, https:\/\/luontokartoituskorpisuo.fi\/fi\/wp-content\/uploads\/2024\/09\/20240619_131541-768x512.jpg 768w, https:\/\/luontokartoituskorpisuo.fi\/fi\/wp-content\/uploads\/2024\/09\/20240619_131541-1536x1024.jpg 1536w, https:\/\/luontokartoituskorpisuo.fi\/fi\/wp-content\/uploads\/2024\/09\/20240619_131541-2048x1365.jpg 2048w\" sizes=\"auto, (max-width: 1024px) 100vw, 1024px\" \/><\/figure>\n\n\n\n<figure class=\"wp-block-image size-large\"><img loading=\"lazy\" decoding=\"async\" width=\"1024\" height=\"683\" src=\"https:\/\/luontokartoituskorpisuo.fi\/fi\/wp-content\/uploads\/2024\/09\/20240619_133837-1-1024x683.jpg\" alt=\"\" class=\"wp-image-320\" srcset=\"https:\/\/luontokartoituskorpisuo.fi\/fi\/wp-content\/uploads\/2024\/09\/20240619_133837-1-1024x683.jpg 1024w, https:\/\/luontokartoituskorpisuo.fi\/fi\/wp-content\/uploads\/2024\/09\/20240619_133837-1-300x200.jpg 300w, https:\/\/luontokartoituskorpisuo.fi\/fi\/wp-content\/uploads\/2024\/09\/20240619_133837-1-768x512.jpg 768w, https:\/\/luontokartoituskorpisuo.fi\/fi\/wp-content\/uploads\/2024\/09\/20240619_133837-1-1536x1024.jpg 1536w, https:\/\/luontokartoituskorpisuo.fi\/fi\/wp-content\/uploads\/2024\/09\/20240619_133837-1-2048x1365.jpg 2048w\" sizes=\"auto, (max-width: 1024px) 100vw, 1024px\" \/><\/figure>\n\n\n\n<p>Elokuun ensimm\u00e4inen jakso alkoi sudenkorentojen ja p\u00e4iv\u00e4perhosten tenteill\u00e4 maanantaina. Molemmat tentit meniv\u00e4t hienosti l\u00e4pi. Jatkoimme maanantaita opiskellen hetken vesi- ja rantakasveja, jonka j\u00e4lkeen siirryimme opiskelemaan lepakoita. Ennen maastoon l\u00e4ht\u00f6\u00e4 opiskelimme t\u00e4ll\u00e4kin kertaa luokassa, tutkimme muun muuassa sonogrammeja. Kuitenkin auringonlaskun aikaan olimme jo kohteessa seuraamassa lepakoita ja aamuy\u00f6ll\u00e4 sumuisessa s\u00e4\u00e4ss\u00e4 ajoimme takaisin koululle. Lepakkotentti oli heti aamulla. Tentti meni hyvin. T\u00e4m\u00e4n j\u00e4lkeen opiskelimme tiistain ja keskiviikon vesi- ja rantakasveja, jotka tentimme torstaiaamuna.  En ollut ennen t\u00e4t\u00e4 viikkoa perehtynyt niihin yht\u00e4\u00e4n, koska en ollut jotenkin tajunnut, ett\u00e4 nekin tentit\u00e4\u00e4n samalla viikolla perhosten, sudenkorentojen ja lepakoiden kanssa. Jouduin niin sanotusti pikaopiskelemaan ne, mutta tentti meni kuitenkin 100 % oikein. Ehk\u00e4 minulle on j\u00e4\u00e4nyt jotain mieleen jo ennen opintoja. Kouluviikko p\u00e4\u00e4ttyi kes\u00e4teht\u00e4v\u00e4n eli kasvioiden l\u00e4pik\u00e4ymiseen.<\/p>\n\n\n\n<figure class=\"wp-block-image size-large\"><img loading=\"lazy\" decoding=\"async\" width=\"1024\" height=\"683\" src=\"https:\/\/luontokartoituskorpisuo.fi\/fi\/wp-content\/uploads\/2024\/09\/Isovesiherne-20240807_091220-1024x683.jpg\" alt=\"\" class=\"wp-image-322\" srcset=\"https:\/\/luontokartoituskorpisuo.fi\/fi\/wp-content\/uploads\/2024\/09\/Isovesiherne-20240807_091220-1024x683.jpg 1024w, https:\/\/luontokartoituskorpisuo.fi\/fi\/wp-content\/uploads\/2024\/09\/Isovesiherne-20240807_091220-300x200.jpg 300w, https:\/\/luontokartoituskorpisuo.fi\/fi\/wp-content\/uploads\/2024\/09\/Isovesiherne-20240807_091220-768x512.jpg 768w, https:\/\/luontokartoituskorpisuo.fi\/fi\/wp-content\/uploads\/2024\/09\/Isovesiherne-20240807_091220-1536x1024.jpg 1536w, https:\/\/luontokartoituskorpisuo.fi\/fi\/wp-content\/uploads\/2024\/09\/Isovesiherne-20240807_091220-2048x1365.jpg 2048w\" sizes=\"auto, (max-width: 1024px) 100vw, 1024px\" \/><\/figure>\n\n\n\n<p>Olimme saaneet kes\u00e4teht\u00e4v\u00e4ksi kasvion ker\u00e4\u00e4misen. Jos muihin opintoihin en ollutkaan paneutunut syv\u00e4llisesti, niin kasvion tekemisen olin ottanut tosissani. Jokainen sai kymmenen kasvia ker\u00e4tt\u00e4v\u00e4kseen, luonnollisestikin eri kasvit. Kasvit olivat joko sellaisia, jotka voi sekoittaa johonkin toiseen kasviin tai sellaisia joita voi olla haastavaa l\u00f6yt\u00e4\u00e4. Ohjeena oli, ett\u00e4 saimme vaihtaa kasveja kesken\u00e4mme, mik\u00e4li tarpeen. Kasvion ker\u00e4\u00e4minen oli minulla niin keskeinen osa kes\u00e4\u00e4, ett\u00e4 teen siit\u00e4 ihan oman blogikirjoituksen.<\/p>\n\n\n\n<p><\/p>\n","protected":false},"excerpt":{"rendered":"<p>Huomasin, ett\u00e4 edellisest\u00e4 kirjoituksesta on jo aikaa. Kerron nyt, mit\u00e4 on tapahtunut kes\u00e4kuun puoliv\u00e4liss\u00e4 olleen BioBlitzin j\u00e4lkeen. BioBlitz oli todella mukava tapahtuma, joskin p\u00e4iv\u00e4 oli pitk\u00e4 ja sill\u00e4 tavoin rankka. Kartoitimme eri eli\u00f6lajeja Skanssilla aamusta iltaan sin\u00e4 lauantaina. Sunnuntaina k\u00e4vin omalla retkell\u00e4 Kuusistossa ja lep\u00e4sin, sill\u00e4 maanantaina koulu alkoi kello nelj\u00e4 aamulla. K\u00e4vimme tekem\u00e4ss\u00e4 pesim\u00e4linnuston kartoitusta Kurjenrahkassa. Tietysti olimme takaisin koululla jo hyviss\u00e4 ajoin ja ehdin sy\u00f6m\u00e4\u00e4n, suihkuun ja hetkeksi lep\u00e4\u00e4m\u00e4\u00e4nkin ennen kuin puolenp\u00e4iv\u00e4n j\u00e4lkeen jatkoimme p\u00e4iv\u00e4perhosten opiskelulla. P\u00e4iv\u00e4perhosten opiskelu jatkui seuraavankin p\u00e4iv\u00e4n. Keskiviikon ja torstain sitten opiskelimmekin sudenkorentoja. Kolmen&hellip;<\/p>\n","protected":false},"author":2,"featured_media":330,"comment_status":"open","ping_status":"open","sticky":false,"template":"","format":"standard","meta":{"footnotes":""},"categories":[17],"tags":[33,27,20,18,22,19,32,21,31,34],"class_list":["post-310","post","type-post","status-publish","format-standard","has-post-thumbnail","hentry","category-opiskelu","tag-lepakot","tag-linnut","tag-livia","tag-luontokartoittaja","tag-luontokartoitus-korpisuo","tag-luontokartoitusopiskelu","tag-paivaperhoset","tag-rissun-retket","tag-sudenkorennot","tag-vesi-ja-rantakasvit"],"gutentor_comment":0,"_links":{"self":[{"href":"https:\/\/luontokartoituskorpisuo.fi\/fi\/wp-json\/wp\/v2\/posts\/310","targetHints":{"allow":["GET"]}}],"collection":[{"href":"https:\/\/luontokartoituskorpisuo.fi\/fi\/wp-json\/wp\/v2\/posts"}],"about":[{"href":"https:\/\/luontokartoituskorpisuo.fi\/fi\/wp-json\/wp\/v2\/types\/post"}],"author":[{"embeddable":true,"href":"https:\/\/luontokartoituskorpisuo.fi\/fi\/wp-json\/wp\/v2\/users\/2"}],"replies":[{"embeddable":true,"href":"https:\/\/luontokartoituskorpisuo.fi\/fi\/wp-json\/wp\/v2\/comments?post=310"}],"version-history":[{"count":10,"href":"https:\/\/luontokartoituskorpisuo.fi\/fi\/wp-json\/wp\/v2\/posts\/310\/revisions"}],"predecessor-version":[{"id":328,"href":"https:\/\/luontokartoituskorpisuo.fi\/fi\/wp-json\/wp\/v2\/posts\/310\/revisions\/328"}],"wp:featuredmedia":[{"embeddable":true,"href":"https:\/\/luontokartoituskorpisuo.fi\/fi\/wp-json\/wp\/v2\/media\/330"}],"wp:attachment":[{"href":"https:\/\/luontokartoituskorpisuo.fi\/fi\/wp-json\/wp\/v2\/media?parent=310"}],"wp:term":[{"taxonomy":"category","embeddable":true,"href":"https:\/\/luontokartoituskorpisuo.fi\/fi\/wp-json\/wp\/v2\/categories?post=310"},{"taxonomy":"post_tag","embeddable":true,"href":"https:\/\/luontokartoituskorpisuo.fi\/fi\/wp-json\/wp\/v2\/tags?post=310"}],"curies":[{"name":"wp","href":"https:\/\/api.w.org\/{rel}","templated":true}]}}