{"id":325,"date":"2024-09-25T16:38:47","date_gmt":"2024-09-25T16:38:47","guid":{"rendered":"https:\/\/luontokartoituskorpisuo.fi\/fi\/?p=325"},"modified":"2024-09-25T16:39:56","modified_gmt":"2024-09-25T16:39:56","slug":"kasvio","status":"publish","type":"post","link":"https:\/\/luontokartoituskorpisuo.fi\/fi\/2024\/09\/25\/kasvio\/","title":{"rendered":"Kasvio"},"content":{"rendered":"\n<p><strong>Olimme saaneet kes\u00e4teht\u00e4v\u00e4ksi kasvion ker\u00e4\u00e4misen. Jos muihin opintoihin en ollutkaan paneutunut syv\u00e4llisesti, niin kasvion tekemisen olin ottanut tosissani. Opettajamme oli arponut jokaiselle kymmenen kasvia ker\u00e4tt\u00e4v\u00e4kseen, luonnollisestikin eri kasvit. Kasvit olivat joko sellaisia, jotka voi sekoittaa johonkin toiseen kasviin tai sellaisia joita voi olla haastavaa l\u00f6yt\u00e4\u00e4. Ohjeena oli, ett\u00e4 saimme vaihtaa kasveja kesken\u00e4mme, mik\u00e4li tarpeen. Kasvion ker\u00e4\u00e4minen oli minulla niin keskeinen osa kes\u00e4\u00e4, ett\u00e4 teen siit\u00e4 ihan oman blogikirjoituksen.<\/strong><\/p>\n\n\n\n<p>Olin ennen opintoja luullut osaavani kasveja. Ennen opintoja minulle oli my\u00f6s kerrottu, miten hyvin tunnen kasveja. T\u00e4m\u00e4n kes\u00e4n aikana t\u00e4m\u00e4 luulo kyll\u00e4 karisi. Kun sain oman listani ker\u00e4tt\u00e4vist\u00e4 kasveista, katselin sit\u00e4 hetken, ennen kuin aloin miettim\u00e4\u00e4n mitk\u00e4 (luulin) tuntevani. Keltalieko &#8211; en ollut ihan varma, joten piti tarkistaa kirjasta. Hiirenh\u00e4nt\u00e4 &#8211; en ollut koskaan kuullutkaan. Niittyk\u00e4enkukka &#8211; tuttu kasvi ja tiesin miss\u00e4 sit\u00e4 kasvaisi. Hetekaali &#8211; aivan outo minulle. Hevonhierakka &#8211; no, sit\u00e4h\u00e4n kasvaa joka paikassa. Isolaukku &#8211; minulla olisi tiedossa yksi kasvupaikka, sill\u00e4 olin t\u00f6rm\u00e4nnyt siihen edelliskes\u00e4n\u00e4. H\u00e4r\u00e4nsilm\u00e4 &#8211; onpa outo nimi kasvilla, mist\u00e4h\u00e4n sen l\u00f6yt\u00e4isi&#8230; Peltoretikka &#8211; kuulostaa jokapaikan kasville, mutta en tied\u00e4 milt\u00e4 n\u00e4ytt\u00e4\u00e4. Keltamaite &#8211; tuttu kasvi, varmaan  helppo homma. Peltop\u00e4hk\u00e4m\u00f6 &#8211; tuttu kasvi t\u00e4m\u00e4kin.<\/p>\n\n\n\n<p>Koska ker\u00e4tyt kasvit oli tavoite ker\u00e4t\u00e4 edustavimmillaan, niin aloitin tutkimalla kukinta-ajat, osalla alkoi olla jo kiire. <\/p>\n\n\n\n<p>Hiirenh\u00e4nt\u00e4, <em>Myosurus minimus<\/em>, oli ensimm\u00e4inen ker\u00e4tt\u00e4v\u00e4 kasvi. Koska kasvi oli itselleni uppo-outo, aloitin etsim\u00e4ll\u00e4 tuoreita havaintoja Uusimaalta Laji.fi -tiedoista. Helsingiss\u00e4 oli kukkivia yksil\u00f6it\u00e4, sinne siis samalla reissulla kun oli asiaa Vantaalle. Onneksi tiedot pitiv\u00e4t paikkaansa, paikkakin l\u00f6ytyi melkein metrilleen. Valitettavasti kukinta oli jo ohi. Sen sijaan kasvusto oli laaja ja helposti l\u00f6ydett\u00e4v\u00e4. Siit\u00e4 sitten pari hiirenh\u00e4nt\u00e4\u00e4 mukaan. Vaikeinta oli niiden ottaminen juurineen, ei sen vuoksi, ett\u00e4 maa olisi ollut liian kovaa, vaan koska minua h\u00e4vetti kaivaa pari pient\u00e4 kasvia kun ihmisi\u00e4 kulki ohi. Tunsin itseni rikolliseksi.<\/p>\n\n\n\n<figure class=\"wp-block-image size-large\"><img loading=\"lazy\" decoding=\"async\" width=\"1024\" height=\"683\" src=\"https:\/\/luontokartoituskorpisuo.fi\/fi\/wp-content\/uploads\/2024\/09\/Hiirenhanta-Helsinki-Korpisuo-Riitta-202405198-1024x683.jpg\" alt=\"\" class=\"wp-image-342\" srcset=\"https:\/\/luontokartoituskorpisuo.fi\/fi\/wp-content\/uploads\/2024\/09\/Hiirenhanta-Helsinki-Korpisuo-Riitta-202405198-1024x683.jpg 1024w, https:\/\/luontokartoituskorpisuo.fi\/fi\/wp-content\/uploads\/2024\/09\/Hiirenhanta-Helsinki-Korpisuo-Riitta-202405198-300x200.jpg 300w, https:\/\/luontokartoituskorpisuo.fi\/fi\/wp-content\/uploads\/2024\/09\/Hiirenhanta-Helsinki-Korpisuo-Riitta-202405198-768x512.jpg 768w, https:\/\/luontokartoituskorpisuo.fi\/fi\/wp-content\/uploads\/2024\/09\/Hiirenhanta-Helsinki-Korpisuo-Riitta-202405198-1536x1024.jpg 1536w, https:\/\/luontokartoituskorpisuo.fi\/fi\/wp-content\/uploads\/2024\/09\/Hiirenhanta-Helsinki-Korpisuo-Riitta-202405198-2048x1365.jpg 2048w\" sizes=\"auto, (max-width: 1024px) 100vw, 1024px\" \/><\/figure>\n\n\n\n<p>Seuraavana pit\u00e4isi l\u00f6yt\u00e4\u00e4 keltamaite, <em> Lotus corniculatus<\/em>. Voisin kouluviikolla Kaarinassa etsi\u00e4 sen, se olisi helppo homma. Turvauduin j\u00e4lleen tuoreisiin Laji.fi -havaintoihin. Eip\u00e4 niit\u00e4 sitten ollutkaan, vain yksi ja sekin osoittautui paikan p\u00e4\u00e4ll\u00e4 v\u00e4\u00e4rin m\u00e4\u00e4ritetyksi ollen niittyn\u00e4tkelm\u00e4. L\u00f6ysin kuitenkin lenkill\u00e4 aidon keltamaitteen. <\/p>\n\n\n\n<figure class=\"wp-block-image size-large\"><img loading=\"lazy\" decoding=\"async\" width=\"1024\" height=\"683\" src=\"https:\/\/luontokartoituskorpisuo.fi\/fi\/wp-content\/uploads\/2024\/09\/Keltamaite-Kaarina-Korpisuo-Riitta-202406046-1024x683.jpg\" alt=\"\" class=\"wp-image-341\" srcset=\"https:\/\/luontokartoituskorpisuo.fi\/fi\/wp-content\/uploads\/2024\/09\/Keltamaite-Kaarina-Korpisuo-Riitta-202406046-1024x683.jpg 1024w, https:\/\/luontokartoituskorpisuo.fi\/fi\/wp-content\/uploads\/2024\/09\/Keltamaite-Kaarina-Korpisuo-Riitta-202406046-300x200.jpg 300w, https:\/\/luontokartoituskorpisuo.fi\/fi\/wp-content\/uploads\/2024\/09\/Keltamaite-Kaarina-Korpisuo-Riitta-202406046-768x512.jpg 768w, https:\/\/luontokartoituskorpisuo.fi\/fi\/wp-content\/uploads\/2024\/09\/Keltamaite-Kaarina-Korpisuo-Riitta-202406046-1536x1024.jpg 1536w, https:\/\/luontokartoituskorpisuo.fi\/fi\/wp-content\/uploads\/2024\/09\/Keltamaite-Kaarina-Korpisuo-Riitta-202406046-2048x1365.jpg 2048w\" sizes=\"auto, (max-width: 1024px) 100vw, 1024px\" \/><\/figure>\n\n\n\n<p>Laji.fi tietojen varassa k\u00e4vin my\u00f6s keltaliekoa, <em>Diphasiastrum complanatum<\/em>, etsim\u00e4ss\u00e4 ja l\u00f6ysin. Siin\u00e4 ei tosin ollut iti\u00f6t\u00e4hki\u00e4. Koska paikka oli koulumatkan varrella, p\u00e4\u00e4tin poiketa joskus my\u00f6hemmin kes\u00e4ll\u00e4 tarkastamassa tilanteen. Kolmannella k\u00e4ynnill\u00e4 iti\u00f6t\u00e4hki\u00e4kin oli ja sain ker\u00e4tty\u00e4 hyv\u00e4n n\u00e4ytteen. T\u00e4m\u00e4n kasvin ker\u00e4\u00e4miseen liittyi my\u00f6s pieni ongelma. Hallinnollisissa tiedoissa kerrotaan kasvin olevan EU:n luontodirektiivin V liitteen laji. Hetken jouduin miettim\u00e4\u00e4n mit\u00e4 tarkoittaa ett\u00e4 lajin ottaminen luonnosta ja hyv\u00e4ksik\u00e4ytt\u00f6 voi vaatia hy\u00f6dynt\u00e4misen s\u00e4\u00e4ntely\u00e4. Keskustelin asiasta my\u00f6s luokkatovereideni kanssa: osa oli sit\u00e4 mielt\u00e4, ettei sit\u00e4 saa ker\u00e4t\u00e4 kasvioon, osa sit\u00e4 mielt\u00e4 ett\u00e4 kasvin voi huoletta ker\u00e4t\u00e4. P\u00e4\u00e4dyin lopulta siihen, ett\u00e4 koska en ole myym\u00e4ss\u00e4 tai hy\u00f6dynt\u00e4m\u00e4ss\u00e4 kasvia ja sit\u00e4 kasvaa runsaasti alueella, josta sen kasvioon ker\u00e4\u00e4n, voin sen sielt\u00e4 ker\u00e4t\u00e4.<\/p>\n\n\n\n<figure class=\"wp-block-image size-large\"><img loading=\"lazy\" decoding=\"async\" width=\"1024\" height=\"683\" src=\"https:\/\/luontokartoituskorpisuo.fi\/fi\/wp-content\/uploads\/2024\/09\/Keltalieko-Rajamaki-Korpisuo-Riitta-202405202-1024x683.jpg\" alt=\"\" class=\"wp-image-344\" srcset=\"https:\/\/luontokartoituskorpisuo.fi\/fi\/wp-content\/uploads\/2024\/09\/Keltalieko-Rajamaki-Korpisuo-Riitta-202405202-1024x683.jpg 1024w, https:\/\/luontokartoituskorpisuo.fi\/fi\/wp-content\/uploads\/2024\/09\/Keltalieko-Rajamaki-Korpisuo-Riitta-202405202-300x200.jpg 300w, https:\/\/luontokartoituskorpisuo.fi\/fi\/wp-content\/uploads\/2024\/09\/Keltalieko-Rajamaki-Korpisuo-Riitta-202405202-768x512.jpg 768w, https:\/\/luontokartoituskorpisuo.fi\/fi\/wp-content\/uploads\/2024\/09\/Keltalieko-Rajamaki-Korpisuo-Riitta-202405202-1536x1024.jpg 1536w, https:\/\/luontokartoituskorpisuo.fi\/fi\/wp-content\/uploads\/2024\/09\/Keltalieko-Rajamaki-Korpisuo-Riitta-202405202-2048x1365.jpg 2048w\" sizes=\"auto, (max-width: 1024px) 100vw, 1024px\" \/><\/figure>\n\n\n\n<p>Niittyk\u00e4enkukka, <em>Lychnis flos-cuculi,<\/em> oli juuri niin helppo kuin olin ajatellutkin, muistin miss\u00e4 sit\u00e4 kasvaa ja k\u00e4vin ohimenness\u00e4ni ker\u00e4\u00e4m\u00e4ss\u00e4 sen kasvioon.<\/p>\n\n\n\n<figure class=\"wp-block-image size-large\"><img loading=\"lazy\" decoding=\"async\" width=\"1024\" height=\"683\" src=\"https:\/\/luontokartoituskorpisuo.fi\/fi\/wp-content\/uploads\/2024\/09\/niittykaenkukka-20240607_124219-1024x683.jpg\" alt=\"\" class=\"wp-image-343\" srcset=\"https:\/\/luontokartoituskorpisuo.fi\/fi\/wp-content\/uploads\/2024\/09\/niittykaenkukka-20240607_124219-1024x683.jpg 1024w, https:\/\/luontokartoituskorpisuo.fi\/fi\/wp-content\/uploads\/2024\/09\/niittykaenkukka-20240607_124219-300x200.jpg 300w, https:\/\/luontokartoituskorpisuo.fi\/fi\/wp-content\/uploads\/2024\/09\/niittykaenkukka-20240607_124219-768x512.jpg 768w, https:\/\/luontokartoituskorpisuo.fi\/fi\/wp-content\/uploads\/2024\/09\/niittykaenkukka-20240607_124219-1536x1024.jpg 1536w, https:\/\/luontokartoituskorpisuo.fi\/fi\/wp-content\/uploads\/2024\/09\/niittykaenkukka-20240607_124219-2048x1366.jpg 2048w\" sizes=\"auto, (max-width: 1024px) 100vw, 1024px\" \/><\/figure>\n\n\n\n<p>Hevonhierakka, <em>Rumex longifolius<\/em>, alkoi hiert\u00e4\u00e4. Sattumoisin opettaja maastossa mainitsi, ett\u00e4 hevonhierakan ja poimuhierakan sekoittaa herk\u00e4sti toisiinsa ja aloin katsoa koko kasvia uusin silmin. Pys\u00e4hdyin varmaan jokaisen hevonhierakaksi ajattelemani luo tutkimaan onko hedelm\u00e4verhi\u00f6n yhdell\u00e4 sivulla nysterm\u00e4 vai onko nysterm\u00e4 per\u00e4ti hedelm\u00e4verhi\u00f6n kolmella sivulla. Lopulta yksi hevonhierakka p\u00e4\u00e4tyi kirjan v\u00e4liin painojen alle odottamaan p\u00e4\u00e4sy\u00e4 kasvioon.<\/p>\n\n\n\n<p>H\u00e4r\u00e4nsilm\u00e4, <em>Hypochaeris maculata<\/em>, l\u00f6ytyi my\u00f6s Laji.fi -havaintona melko l\u00e4helt\u00e4. Havainto oli ammattilaishavainto, mutta aikaa oli kulunut niin kauan, ett\u00e4 ep\u00e4ilin ettei paikalla kasva en\u00e4\u00e4 h\u00e4r\u00e4nsilm\u00e4\u00e4. K\u00e4vin kuitenkin katsomassa ohikulkiessani. Ohikulkeminen on ehk\u00e4 hieman asian tasoittelua, sill\u00e4 ensin piti l\u00f6yt\u00e4\u00e4 autolle parkkipaikka ja sitten k\u00e4vell\u00e4 kilometrin verran suuntaansa. Kasvi kuitenkin l\u00f6ytyi. Ensimm\u00e4isell\u00e4 kerralla se ei ollut edes nupulla, joten p\u00e4\u00e4tin palata my\u00f6hemmin takaisin. K\u00e4vin siell\u00e4kin useamman kerran &#8221;ohimennen&#8221;, en halunnut kukinnan menev\u00e4n ohi.  Lopulta onnisti ja sain kukkivan h\u00e4r\u00e4nsilm\u00e4n kasvioon. H\u00e4r\u00e4nsilm\u00e4n kohdalla on t\u00e4rke\u00e4\u00e4 my\u00f6s oikea vuorokauden aika, sill\u00e4 sen kukka on avoinna vain klo 7-17.  Sit\u00e4 onkin k\u00e4ytetty aikanaan hein\u00e4t\u00f6iss\u00e4 kellokorttina: hein\u00e4t\u00f6ihin on l\u00e4hdetty kun h\u00e4r\u00e4nsilm\u00e4 avaa kukinnon ja ty\u00f6t lopetettu kun kukka menee suppuun.<\/p>\n\n\n\n<figure class=\"wp-block-image size-large\"><img loading=\"lazy\" decoding=\"async\" width=\"1024\" height=\"683\" src=\"https:\/\/luontokartoituskorpisuo.fi\/fi\/wp-content\/uploads\/2024\/09\/Haransilma-Hyvinkaa-Korpisuo-Riitta-202406075-1024x683.jpg\" alt=\"\" class=\"wp-image-345\" srcset=\"https:\/\/luontokartoituskorpisuo.fi\/fi\/wp-content\/uploads\/2024\/09\/Haransilma-Hyvinkaa-Korpisuo-Riitta-202406075-1024x683.jpg 1024w, https:\/\/luontokartoituskorpisuo.fi\/fi\/wp-content\/uploads\/2024\/09\/Haransilma-Hyvinkaa-Korpisuo-Riitta-202406075-300x200.jpg 300w, https:\/\/luontokartoituskorpisuo.fi\/fi\/wp-content\/uploads\/2024\/09\/Haransilma-Hyvinkaa-Korpisuo-Riitta-202406075-768x512.jpg 768w, https:\/\/luontokartoituskorpisuo.fi\/fi\/wp-content\/uploads\/2024\/09\/Haransilma-Hyvinkaa-Korpisuo-Riitta-202406075-1536x1024.jpg 1536w, https:\/\/luontokartoituskorpisuo.fi\/fi\/wp-content\/uploads\/2024\/09\/Haransilma-Hyvinkaa-Korpisuo-Riitta-202406075-2048x1365.jpg 2048w\" sizes=\"auto, (max-width: 1024px) 100vw, 1024px\" \/><\/figure>\n\n\n\n<p>Hetekaalia, <em>Montia fontana<\/em>, olin tutkinut tarkkaan monista eri l\u00e4hdeteoksista moneen kertaan. Kasvi vaikutti vaikealta tunnistaa. Olin my\u00f6s etsinyt sit\u00e4 sopivista paikoista ja etsinyt havaintoja my\u00f6s laji.fi:st\u00e4. Siit\u00e4 oli joitain aiempia havaintoja Kaarinastakin, mutta niist\u00e4 ei ollut hy\u00f6ty\u00e4. Niinp\u00e4 Etel\u00e4-Karjalaan sukuloimaan menness\u00e4 tarkistin havainnot silt\u00e4 suunnalta. L\u00f6ysin havainnon t\u00e4lt\u00e4 vuodelta. N\u00e4in ollen p\u00e4\u00e4tin k\u00e4yd\u00e4 sielt\u00e4 etsim\u00e4ss\u00e4, &#8221;ohimenness\u00e4ni&#8221;, oikeasti t\u00e4m\u00e4 &#8221;ohimennen&#8221; tarkoitti yli sadan kilometrin ylim\u00e4\u00e4r\u00e4ist\u00e4 ajoa. Tarkistin hallinnolliset tiedot kasvista todeten sen olevan siell\u00e4 alueellisesti uhanalainen. T\u00e4m\u00e4 tarkoittaisi sit\u00e4, ett\u00e4 pit\u00e4isi saada hyvi\u00e4 valokuvia &#8211; mik\u00e4li koko kasvia edes l\u00f6ytyisi.<\/p>\n\n\n\n<figure class=\"wp-block-image size-large\"><img loading=\"lazy\" decoding=\"async\" width=\"1024\" height=\"498\" src=\"https:\/\/luontokartoituskorpisuo.fi\/fi\/wp-content\/uploads\/2024\/09\/20240701_190706-1024x498.jpg\" alt=\"\" class=\"wp-image-339\" srcset=\"https:\/\/luontokartoituskorpisuo.fi\/fi\/wp-content\/uploads\/2024\/09\/20240701_190706-1024x498.jpg 1024w, https:\/\/luontokartoituskorpisuo.fi\/fi\/wp-content\/uploads\/2024\/09\/20240701_190706-300x146.jpg 300w, https:\/\/luontokartoituskorpisuo.fi\/fi\/wp-content\/uploads\/2024\/09\/20240701_190706-768x373.jpg 768w, https:\/\/luontokartoituskorpisuo.fi\/fi\/wp-content\/uploads\/2024\/09\/20240701_190706-1536x747.jpg 1536w, https:\/\/luontokartoituskorpisuo.fi\/fi\/wp-content\/uploads\/2024\/09\/20240701_190706-2048x996.jpg 2048w\" sizes=\"auto, (max-width: 1024px) 100vw, 1024px\" \/><\/figure>\n\n\n\n<p>Kasvi l\u00f6ytyi etsinn\u00e4n j\u00e4lkeen ja kuviakin sain. My\u00f6hemmin vertaillessani kuvia oikeisiin kuviin kasvista olin vuoroin sit\u00e4 mielt\u00e4, ett\u00e4 olen l\u00f6yt\u00e4nyt aivan oikean kasvin, vuoroin sit\u00e4 mielt\u00e4, ett\u00e4 kasvini on varmaankin v\u00e4\u00e4r\u00e4, en tunnista kasveja ja en ikin\u00e4 opi mit\u00e4\u00e4n.<\/p>\n\n\n\n<p>Isolaukun, <em>Rhinanthus angustifolium<\/em>, sijainnin edelliskes\u00e4lt\u00e4 siis tiesin, mutta se oli sen verran kaukana, etten halunnut huvikseni sinne ajaa katsomaan, mahtaisiko sit\u00e4 l\u00f6yty\u00e4. Niinp\u00e4 olin j\u00e4tt\u00e4nyt tuon paikan suunnitelma B:ksi mik\u00e4li en muualla t\u00f6rm\u00e4\u00e4 isolaukkuun. Samalla sukulointireissulla matka jatkui Etel\u00e4-Karjalasta Pohjois-Savoon ja sielt\u00e4 tullessa p\u00e4\u00e4tin tarkistaa sattuisiko matkan varrelle j\u00e4ljell\u00e4 olevia ker\u00e4tt\u00e4vi\u00e4 kasveja. Isolaukku n\u00e4ytti l\u00f6ytyv\u00e4n, toki havainto ei ollut tuore. Jaloittelutuokion aikana l\u00f6ysin, tunnistin ja ker\u00e4sin isolaukun ja kotimatka p\u00e4\u00e4si jatkumaan hyviss\u00e4 tunnelmissa.<\/p>\n\n\n\n<figure class=\"wp-block-image size-large\"><img loading=\"lazy\" decoding=\"async\" width=\"1024\" height=\"683\" src=\"https:\/\/luontokartoituskorpisuo.fi\/fi\/wp-content\/uploads\/2024\/09\/isolaukku-20240704_191653-1024x683.jpg\" alt=\"\" class=\"wp-image-346\" srcset=\"https:\/\/luontokartoituskorpisuo.fi\/fi\/wp-content\/uploads\/2024\/09\/isolaukku-20240704_191653-1024x683.jpg 1024w, https:\/\/luontokartoituskorpisuo.fi\/fi\/wp-content\/uploads\/2024\/09\/isolaukku-20240704_191653-300x200.jpg 300w, https:\/\/luontokartoituskorpisuo.fi\/fi\/wp-content\/uploads\/2024\/09\/isolaukku-20240704_191653-768x512.jpg 768w, https:\/\/luontokartoituskorpisuo.fi\/fi\/wp-content\/uploads\/2024\/09\/isolaukku-20240704_191653-1536x1024.jpg 1536w, https:\/\/luontokartoituskorpisuo.fi\/fi\/wp-content\/uploads\/2024\/09\/isolaukku-20240704_191653-2048x1365.jpg 2048w\" sizes=\"auto, (max-width: 1024px) 100vw, 1024px\" \/><\/figure>\n\n\n\n<p>Peltop\u00e4hk\u00e4m\u00f6\u00e4, <em>Stachys sylvatica<\/em>, tiesin n\u00e4hneeni varmasti joka kes\u00e4 ihan kodin l\u00e4hell\u00e4, nyt l\u00f6ysin vain rantakukkaa. Miten turhauttavaa. Kunnes kerran haaviessani sudenkorentoja huomasin rantakukkien keskell\u00e4 varman peltop\u00e4hk\u00e4m\u00f6n, ja toisen ja kolmannen ja nelj\u00e4nnen. Niit\u00e4 olikin yll\u00e4tt\u00e4v\u00e4n paljon. Olin vain ollut liian h\u00e4t\u00e4inen.<\/p>\n\n\n\n<p>Peltoretikka, <em>Raphanus raphanistrum<\/em>, oli j\u00e4\u00e4nyt viimeiseksi. Keskustelimme opiskelutovereiden kanssa asuntolassa kasvioittemme tilanteesta, en ollut ainoa jolla puuttui jotakin. Minulta puuttui sent\u00e4\u00e4n vain yksi kasvi ja totesin, ett\u00e4 mik\u00e4li sit\u00e4 ei l\u00f6ydy niin sitten se saa j\u00e4\u00e4d\u00e4 puuttumaan. Kerroin mit\u00e4 kaikkia kasveja olisin helposti l\u00f6yt\u00e4nyt. Niinp\u00e4 luokkatoveri seuraavalla viikolla soitti kysyen vaihtaisinko peltoretikan ahoj\u00e4kk\u00e4r\u00e4\u00e4n. H\u00e4nelt\u00e4 puuttuu ahoj\u00e4kk\u00e4r\u00e4, eik\u00e4 h\u00e4n l\u00f6yd\u00e4 sit\u00e4 mist\u00e4\u00e4n. H\u00e4nell\u00e4 kuitenkin olisi nyt peltoretikka k\u00e4dess\u00e4\u00e4n. N\u00e4in tein vaihtokaupan ja k\u00e4vin ker\u00e4\u00e4m\u00e4ss\u00e4 kasviooni ahoj\u00e4kk\u00e4r\u00e4n, joita kasvaa melko l\u00e4hell\u00e4 kotia.<\/p>\n\n\n\n<p>Kasvit oli asianmukaisesti pr\u00e4ss\u00e4tty ja kiinnitetty pohjiinsa etikettien kera kun elokuun ensimm\u00e4isen kouluviikon lopuksi palautimme ne.  Olin tyytyv\u00e4inen ett\u00e4 kasvini olivat kaikki oikein m\u00e4\u00e4ritettyj\u00e4. Ja koska olin n\u00e4hnyt todella paljon vaivaa, p\u00e4\u00e4tin pit\u00e4\u00e4 kasvion itsell\u00e4ni sen ollessa mahdollista. Kasvio on saanut sen j\u00e4lkeen pari lis\u00e4sivuakin, sill\u00e4 innostuin asiasta.<\/p>\n","protected":false},"excerpt":{"rendered":"<p>Olimme saaneet kes\u00e4teht\u00e4v\u00e4ksi kasvion ker\u00e4\u00e4misen. Jos muihin opintoihin en ollutkaan paneutunut syv\u00e4llisesti, niin kasvion tekemisen olin ottanut tosissani. Opettajamme oli arponut jokaiselle kymmenen kasvia ker\u00e4tt\u00e4v\u00e4kseen, luonnollisestikin eri kasvit. Kasvit olivat joko sellaisia, jotka voi sekoittaa johonkin toiseen kasviin tai sellaisia joita voi olla haastavaa l\u00f6yt\u00e4\u00e4. Ohjeena oli, ett\u00e4 saimme vaihtaa kasveja kesken\u00e4mme, mik\u00e4li tarpeen. Kasvion ker\u00e4\u00e4minen oli minulla niin keskeinen osa kes\u00e4\u00e4, ett\u00e4 teen siit\u00e4 ihan oman blogikirjoituksen. Olin ennen opintoja luullut osaavani kasveja. Ennen opintoja minulle oli my\u00f6s kerrottu, miten hyvin tunnen kasveja. T\u00e4m\u00e4n kes\u00e4n aikana t\u00e4m\u00e4 luulo kyll\u00e4&hellip;<\/p>\n","protected":false},"author":2,"featured_media":348,"comment_status":"open","ping_status":"open","sticky":false,"template":"","format":"standard","meta":{"footnotes":""},"categories":[17],"tags":[36,45,39,42,43,46,41,40,20,18,22,19,44,38,37,35,21],"class_list":["post-325","post","type-post","status-publish","format-standard","has-post-thumbnail","hentry","category-opiskelu","tag-ahojakkara","tag-haransilma","tag-hetekaali","tag-hevonhierakka","tag-hiirenhanta","tag-isolaukku","tag-keltalieko","tag-keltamaite","tag-livia","tag-luontokartoittaja","tag-luontokartoitus-korpisuo","tag-luontokartoitusopiskelu","tag-niittykaenkukka","tag-peltopahkamo","tag-peltoretikka","tag-putkilokasvit","tag-rissun-retket"],"gutentor_comment":0,"_links":{"self":[{"href":"https:\/\/luontokartoituskorpisuo.fi\/fi\/wp-json\/wp\/v2\/posts\/325","targetHints":{"allow":["GET"]}}],"collection":[{"href":"https:\/\/luontokartoituskorpisuo.fi\/fi\/wp-json\/wp\/v2\/posts"}],"about":[{"href":"https:\/\/luontokartoituskorpisuo.fi\/fi\/wp-json\/wp\/v2\/types\/post"}],"author":[{"embeddable":true,"href":"https:\/\/luontokartoituskorpisuo.fi\/fi\/wp-json\/wp\/v2\/users\/2"}],"replies":[{"embeddable":true,"href":"https:\/\/luontokartoituskorpisuo.fi\/fi\/wp-json\/wp\/v2\/comments?post=325"}],"version-history":[{"count":9,"href":"https:\/\/luontokartoituskorpisuo.fi\/fi\/wp-json\/wp\/v2\/posts\/325\/revisions"}],"predecessor-version":[{"id":347,"href":"https:\/\/luontokartoituskorpisuo.fi\/fi\/wp-json\/wp\/v2\/posts\/325\/revisions\/347"}],"wp:featuredmedia":[{"embeddable":true,"href":"https:\/\/luontokartoituskorpisuo.fi\/fi\/wp-json\/wp\/v2\/media\/348"}],"wp:attachment":[{"href":"https:\/\/luontokartoituskorpisuo.fi\/fi\/wp-json\/wp\/v2\/media?parent=325"}],"wp:term":[{"taxonomy":"category","embeddable":true,"href":"https:\/\/luontokartoituskorpisuo.fi\/fi\/wp-json\/wp\/v2\/categories?post=325"},{"taxonomy":"post_tag","embeddable":true,"href":"https:\/\/luontokartoituskorpisuo.fi\/fi\/wp-json\/wp\/v2\/tags?post=325"}],"curies":[{"name":"wp","href":"https:\/\/api.w.org\/{rel}","templated":true}]}}